{"id":28299,"date":"2026-09-03T09:25:58","date_gmt":"2026-09-03T07:25:58","guid":{"rendered":"https:\/\/kamza.gov.al\/?p=28299"},"modified":"2026-09-03T09:25:58","modified_gmt":"2026-09-03T07:25:58","slug":"kryetari-i-bashkise-z-rakip-suli-me-sherbimin-zjarrfikes-56-nderhyrje-gjate-muajve-korrik-gusht","status":"publish","type":"post","link":"https:\/\/kamza.gov.al\/en\/kryetari-i-bashkise-z-rakip-suli-me-sherbimin-zjarrfikes-56-nderhyrje-gjate-muajve-korrik-gusht\/","title":{"rendered":"Kryetari i Bashkis\u00eb Z. Rakip Suli me Sh\u00ebrbimin Zjarrfik\u00ebs: 56 nd\u00ebrhyrje gjat\u00eb muajve korrik\u2013gusht"},"content":{"rendered":"\n<p class=\"wp-block-paragraph\">Sot e nis\u00ebm dit\u00ebn me skuadr\u00ebn e Sh\u00ebrbimit Zjarrfik\u00ebs t\u00eb Kamz\u00ebs. <img decoding=\"async\" height=\"16\" width=\"16\" alt=\"\ud83d\ude92\" src=\"https:\/\/static.xx.fbcdn.net\/images\/emoji.php\/v9\/t67\/1\/16\/1f692.png\"><img decoding=\"async\" height=\"16\" width=\"16\" alt=\"\ud83d\udd25\" src=\"https:\/\/static.xx.fbcdn.net\/images\/emoji.php\/v9\/t50\/1\/16\/1f525.png\"><\/p>\n\n\n\n<p class=\"wp-block-paragraph\">Gjat\u00eb muajve korrik\u2013gusht, ekipet tona kan\u00eb realizuar <img decoding=\"async\" height=\"16\" width=\"16\" alt=\"5\ufe0f\u20e3\" src=\"https:\/\/static.xx.fbcdn.net\/images\/emoji.php\/v9\/tf6\/1\/16\/35_20e3.png\"><img loading=\"lazy\" decoding=\"async\" height=\"16\" width=\"16\" alt=\"6\ufe0f\u20e3\" src=\"https:\/\/static.xx.fbcdn.net\/images\/emoji.php\/v9\/t15\/1\/16\/36_20e3.png\"> nd\u00ebrhyrje, prej t\u00eb cilave:<\/p>\n\n\n\n<p class=\"wp-block-paragraph\"><img decoding=\"async\" height=\"16\" width=\"16\" alt=\"\ud83d\udd25\" src=\"https:\/\/static.xx.fbcdn.net\/images\/emoji.php\/v9\/t50\/1\/16\/1f525.png\"><img loading=\"lazy\" decoding=\"async\" height=\"16\" width=\"16\" alt=\"3\ufe0f\u20e3\" src=\"https:\/\/static.xx.fbcdn.net\/images\/emoji.php\/v9\/tb8\/1\/16\/33_20e3.png\"><img decoding=\"async\" height=\"16\" width=\"16\" alt=\"5\ufe0f\u20e3\" src=\"https:\/\/static.xx.fbcdn.net\/images\/emoji.php\/v9\/tf6\/1\/16\/35_20e3.png\"> brenda territorit t\u00eb Bashkis\u00eb Kam\u00ebz<\/p>\n\n\n\n<p class=\"wp-block-paragraph\"><img loading=\"lazy\" decoding=\"async\" height=\"16\" width=\"16\" alt=\"\ud83e\udd1d\" src=\"https:\/\/static.xx.fbcdn.net\/images\/emoji.php\/v9\/t64\/1\/16\/1f91d.png\"><img loading=\"lazy\" decoding=\"async\" height=\"16\" width=\"16\" alt=\"2\ufe0f\u20e3\" src=\"https:\/\/static.xx.fbcdn.net\/images\/emoji.php\/v9\/t99\/1\/16\/32_20e3.png\"><img loading=\"lazy\" decoding=\"async\" height=\"16\" width=\"16\" alt=\"1\ufe0f\u20e3\" src=\"https:\/\/static.xx.fbcdn.net\/images\/emoji.php\/v9\/t7a\/1\/16\/31_20e3.png\"> n\u00eb mb\u00ebshtetje t\u00eb bashkive t\u00eb tjera.<\/p>\n\n\n\n<p class=\"wp-block-paragraph\"><img loading=\"lazy\" decoding=\"async\" height=\"16\" width=\"16\" alt=\"\ud83d\ude4f\" src=\"https:\/\/static.xx.fbcdn.net\/images\/emoji.php\/v9\/t80\/1\/16\/1f64f.png\"> Mir\u00ebnjohje p\u00ebr \u00e7do zjarrfik\u00ebs p\u00ebr p\u00ebrkushtimin, guximin dhe gatishm\u00ebrin\u00eb p\u00ebr t\u00eb qen\u00eb gjithmon\u00eb n\u00eb sh\u00ebrbim t\u00eb qytetar\u00ebve.<\/p>\n\n\n\n<p class=\"wp-block-paragraph\"><a href=\"https:\/\/www.facebook.com\/watch\/hashtag\/bashkiaq%C3%ABduam\/?__cft__[0]=AZgJWRViLLpcd9DeJQ29gh0nI_9j5HPFdzQZxE8uw1NmSzj83rNunKuDFIwnKRP2lm64GToIaRn4StUOmPWt5z0AxZL38XcN5lcyz4Yd_3NTpE-ZQW0-VfqKj_eqoOYXN6OFQLM_6UZXsxy0o1tbyzYmRQs30mjW3JvTft45oX-MACaY5y5XgAonzZxLrSlvbhlmJ3M&amp;__tn__=*NK-R\" target=\"_blank\" rel=\"noopener\">#BashkiaQ\u00ebDuam<\/a><img loading=\"lazy\" decoding=\"async\" height=\"16\" width=\"16\" alt=\"\ud83c\udfc6\" src=\"https:\/\/static.xx.fbcdn.net\/images\/emoji.php\/v9\/tbe\/1\/16\/1f3c6.png\"><\/p>\n\n\n\n<p class=\"wp-block-paragraph\"><a href=\"https:\/\/www.facebook.com\/watch\/hashtag\/mzshkam%C3%ABz\/?__cft__[0]=AZgJWRViLLpcd9DeJQ29gh0nI_9j5HPFdzQZxE8uw1NmSzj83rNunKuDFIwnKRP2lm64GToIaRn4StUOmPWt5z0AxZL38XcN5lcyz4Yd_3NTpE-ZQW0-VfqKj_eqoOYXN6OFQLM_6UZXsxy0o1tbyzYmRQs30mjW3JvTft45oX-MACaY5y5XgAonzZxLrSlvbhlmJ3M&amp;__tn__=*NK-R\" target=\"_blank\" rel=\"noopener\">#MZSHKam\u00ebz<\/a><img decoding=\"async\" height=\"16\" width=\"16\" alt=\"\ud83d\ude92\" src=\"https:\/\/static.xx.fbcdn.net\/images\/emoji.php\/v9\/t67\/1\/16\/1f692.png\"><\/p>\n\n\n\n<p class=\"wp-block-paragraph\"><a href=\"https:\/\/www.facebook.com\/watch\/hashtag\/kamzavet%C3%ABmp%C3%ABrpara\/?__cft__[0]=AZgJWRViLLpcd9DeJQ29gh0nI_9j5HPFdzQZxE8uw1NmSzj83rNunKuDFIwnKRP2lm64GToIaRn4StUOmPWt5z0AxZL38XcN5lcyz4Yd_3NTpE-ZQW0-VfqKj_eqoOYXN6OFQLM_6UZXsxy0o1tbyzYmRQs30mjW3JvTft45oX-MACaY5y5XgAonzZxLrSlvbhlmJ3M&amp;__tn__=*NK-R\" target=\"_blank\" rel=\"noopener\">#KamzaVet\u00ebmP\u00ebrpara<\/a><img loading=\"lazy\" decoding=\"async\" height=\"16\" width=\"16\" alt=\"\u25b6\ufe0f\" src=\"https:\/\/static.xx.fbcdn.net\/images\/emoji.php\/v9\/t40\/1\/16\/25b6.png\"><\/p>\n\n\n\n<figure class=\"wp-block-video\"><video height=\"720\" style=\"aspect-ratio: 1280 \/ 720;\" width=\"1280\" controls src=\"https:\/\/kamza.gov.al\/wp-content\/uploads\/2026\/09\/AQOamQnECSAvfbVfkrvU5BiSpCZSIWxgGR9jhnt_L7nAQcEoE-AggSRWTUX6A8ig5mEFT0LqygH_BME19Xfd6-DuhwMvi9glk7ENXNlmS1yXNA.mp4\"><\/video><\/figure>\n","protected":false},"excerpt":{"rendered":"<p>Sot e nis\u00ebm dit\u00ebn me skuadr\u00ebn e Sh\u00ebrbimit Zjarrfik\u00ebs t\u00eb Kamz\u00ebs. Gjat\u00eb muajve korrik\u2013gusht, ekipet tona kan\u00eb realizuar nd\u00ebrhyrje, prej t\u00eb cilave: brenda territorit t\u00eb Bashkis\u00eb Kam\u00ebz n\u00eb mb\u00ebshtetje t\u00eb bashkive t\u00eb tjera. Mir\u00ebnjohje p\u00ebr \u00e7do zjarrfik\u00ebs p\u00ebr p\u00ebrkushtimin, guximin dhe gatishm\u00ebrin\u00eb p\u00ebr t\u00eb qen\u00eb gjithmon\u00eb n\u00eb sh\u00ebrbim t\u00eb qytetar\u00ebve. #BashkiaQ\u00ebDuam #MZSHKam\u00ebz #KamzaVet\u00ebmP\u00ebrpara<\/p>","protected":false},"author":26,"featured_media":28301,"comment_status":"closed","ping_status":"","sticky":false,"template":"","format":"standard","meta":{"_acf_changed":false,"footnotes":""},"categories":[13,16],"tags":[],"class_list":["post-28299","post","type-post","status-publish","format-standard","has-post-thumbnail","hentry","category-arkiva-e-lajmeve","category-kryesore"],"acf":[],"_links":{"self":[{"href":"https:\/\/kamza.gov.al\/en\/wp-json\/wp\/v2\/posts\/28299","targetHints":{"allow":["GET"]}}],"collection":[{"href":"https:\/\/kamza.gov.al\/en\/wp-json\/wp\/v2\/posts"}],"about":[{"href":"https:\/\/kamza.gov.al\/en\/wp-json\/wp\/v2\/types\/post"}],"author":[{"embeddable":true,"href":"https:\/\/kamza.gov.al\/en\/wp-json\/wp\/v2\/users\/26"}],"replies":[{"embeddable":true,"href":"https:\/\/kamza.gov.al\/en\/wp-json\/wp\/v2\/comments?post=28299"}],"version-history":[{"count":1,"href":"https:\/\/kamza.gov.al\/en\/wp-json\/wp\/v2\/posts\/28299\/revisions"}],"predecessor-version":[{"id":28302,"href":"https:\/\/kamza.gov.al\/en\/wp-json\/wp\/v2\/posts\/28299\/revisions\/28302"}],"wp:featuredmedia":[{"embeddable":true,"href":"https:\/\/kamza.gov.al\/en\/wp-json\/wp\/v2\/media\/28301"}],"wp:attachment":[{"href":"https:\/\/kamza.gov.al\/en\/wp-json\/wp\/v2\/media?parent=28299"}],"wp:term":[{"taxonomy":"category","embeddable":true,"href":"https:\/\/kamza.gov.al\/en\/wp-json\/wp\/v2\/categories?post=28299"},{"taxonomy":"post_tag","embeddable":true,"href":"https:\/\/kamza.gov.al\/en\/wp-json\/wp\/v2\/tags?post=28299"}],"curies":[{"name":"wp","href":"https:\/\/api.w.org\/{rel}","templated":true}]}}