{"id":28275,"date":"2026-08-29T10:45:00","date_gmt":"2026-08-29T08:45:00","guid":{"rendered":"https:\/\/kamza.gov.al\/?p=28275"},"modified":"2026-08-31T08:36:08","modified_gmt":"2026-08-31T06:36:08","slug":"ne-prag-te-vitit-te-ri-shkollor-vijon-dezinfektimi-i-objekteve-arsimore-ne-kamez","status":"publish","type":"post","link":"https:\/\/kamza.gov.al\/en\/ne-prag-te-vitit-te-ri-shkollor-vijon-dezinfektimi-i-objekteve-arsimore-ne-kamez\/","title":{"rendered":"N\u00eb prag t\u00eb vitit t\u00eb ri shkollor, vijon dezinfektimi i objekteve arsimore n\u00eb Kam\u00ebz"},"content":{"rendered":"\n<p class=\"wp-block-paragraph\"><img decoding=\"async\" height=\"16\" width=\"16\" alt=\"\ud83e\uddfc\" src=\"https:\/\/static.xx.fbcdn.net\/images\/emoji.php\/v9\/tce\/1\/16\/1f9fc.png\"><img decoding=\"async\" height=\"16\" width=\"16\" alt=\"\ud83c\udfeb\" src=\"https:\/\/static.xx.fbcdn.net\/images\/emoji.php\/v9\/t28\/1\/16\/1f3eb.png\"> Vijon dezinfektimi i t\u00eb gjitha objekteve arsimore n\u00eb Kam\u00ebz!<\/p>\n\n\n\n<p class=\"wp-block-paragraph\">N\u00eb prag t\u00eb nisjes s\u00eb vitit t\u00eb ri shkollor, vijon puna p\u00ebr dezinfektimin e t\u00eb gjitha objekteve arsimore n\u00eb Kam\u00ebz, duke garantuar ambiente t\u00eb pastra, t\u00eb sigurta dhe t\u00eb p\u00ebrshtatshme p\u00ebr nx\u00ebn\u00ebsit dhe stafet pedagogjike. <img decoding=\"async\" height=\"16\" width=\"16\" alt=\"\ud83d\udcda\" src=\"https:\/\/static.xx.fbcdn.net\/images\/emoji.php\/v9\/t49\/1\/16\/1f4da.png\"><\/p>\n\n\n\n<p class=\"wp-block-paragraph\"><a href=\"https:\/\/www.facebook.com\/hashtag\/kamzavet%C3%ABmp%C3%ABrpara?__cft__[0]=AZb4a_ww4oYomdq5NRLZ_DwksS9uOAXgjoSi7bz_OFKdo2oDIRJB3kkzVeLkUe7FPsZdPe0xip7rW1e-BrQ1EsqS_KnqCryfjSgYung18ycZvlRZ05j0saUkyzWq-gqgFcn98J2Se7ArS7j63GT4xhiQbn9kR0Fx9q_2uP96nrHHIMX2BAtAfs5Orwwsltyog3A&amp;__tn__=*NK-R\" target=\"_blank\" rel=\"noopener\">#KamzaVet\u00ebmP\u00ebrpara<\/a><img loading=\"lazy\" decoding=\"async\" height=\"16\" width=\"16\" alt=\"\u25b6\ufe0f\" src=\"https:\/\/static.xx.fbcdn.net\/images\/emoji.php\/v9\/t40\/1\/16\/25b6.png\"><\/p>\n\n\n\n<p class=\"wp-block-paragraph\"><a href=\"https:\/\/www.facebook.com\/hashtag\/arsimi?__cft__[0]=AZb4a_ww4oYomdq5NRLZ_DwksS9uOAXgjoSi7bz_OFKdo2oDIRJB3kkzVeLkUe7FPsZdPe0xip7rW1e-BrQ1EsqS_KnqCryfjSgYung18ycZvlRZ05j0saUkyzWq-gqgFcn98J2Se7ArS7j63GT4xhiQbn9kR0Fx9q_2uP96nrHHIMX2BAtAfs5Orwwsltyog3A&amp;__tn__=*NK-R\" target=\"_blank\" rel=\"noopener\">#Arsimi<\/a><img decoding=\"async\" height=\"16\" width=\"16\" alt=\"\ud83d\udcda\" src=\"https:\/\/static.xx.fbcdn.net\/images\/emoji.php\/v9\/t49\/1\/16\/1f4da.png\"><\/p>\n\n\n\n<p class=\"wp-block-paragraph\"><a href=\"https:\/\/www.facebook.com\/hashtag\/bashkiaq%C3%ABduam?__cft__[0]=AZb4a_ww4oYomdq5NRLZ_DwksS9uOAXgjoSi7bz_OFKdo2oDIRJB3kkzVeLkUe7FPsZdPe0xip7rW1e-BrQ1EsqS_KnqCryfjSgYung18ycZvlRZ05j0saUkyzWq-gqgFcn98J2Se7ArS7j63GT4xhiQbn9kR0Fx9q_2uP96nrHHIMX2BAtAfs5Orwwsltyog3A&amp;__tn__=*NK-R\" target=\"_blank\" rel=\"noopener\">#BashkiaQ\u00ebDuam<\/a><img loading=\"lazy\" decoding=\"async\" height=\"16\" width=\"16\" alt=\"\ud83c\udfc6\" src=\"https:\/\/static.xx.fbcdn.net\/images\/emoji.php\/v9\/tbe\/1\/16\/1f3c6.png\"><\/p>\n\n\n\n<iframe src=\"https:\/\/www.facebook.com\/plugins\/post.php?href=https%3A%2F%2Fwww.facebook.com%2Fpermalink.php%3Fstory_fbid%3Dpfbid02ymRMN7RbeXkHNtHLxcpCLRcAZXUUhRACoAJQzqyPpk45NVkx2DMJw3cTC2vWdqXPl%26id%3D100044332874482&#038;show_text=true&#038;width=500\" width=\"500\" height=\"652\" style=\"border:none;overflow:hidden\" scrolling=\"no\" frameborder=\"0\" allowfullscreen=\"true\" allow=\"autoplay; clipboard-write; encrypted-media; picture-in-picture; web-share\"><\/iframe>\n","protected":false},"excerpt":{"rendered":"<p>Vijon dezinfektimi i t\u00eb gjitha objekteve arsimore n\u00eb Kam\u00ebz! N\u00eb prag t\u00eb nisjes s\u00eb vitit t\u00eb ri shkollor, vijon puna p\u00ebr dezinfektimin e t\u00eb gjitha objekteve arsimore n\u00eb Kam\u00ebz, duke garantuar ambiente t\u00eb pastra, t\u00eb sigurta dhe t\u00eb p\u00ebrshtatshme p\u00ebr nx\u00ebn\u00ebsit dhe stafet pedagogjike. #KamzaVet\u00ebmP\u00ebrpara #Arsimi #BashkiaQ\u00ebDuam<\/p>","protected":false},"author":26,"featured_media":28276,"comment_status":"closed","ping_status":"","sticky":false,"template":"","format":"standard","meta":{"_acf_changed":false,"footnotes":""},"categories":[13,16],"tags":[],"class_list":["post-28275","post","type-post","status-publish","format-standard","has-post-thumbnail","hentry","category-arkiva-e-lajmeve","category-kryesore"],"acf":[],"_links":{"self":[{"href":"https:\/\/kamza.gov.al\/en\/wp-json\/wp\/v2\/posts\/28275","targetHints":{"allow":["GET"]}}],"collection":[{"href":"https:\/\/kamza.gov.al\/en\/wp-json\/wp\/v2\/posts"}],"about":[{"href":"https:\/\/kamza.gov.al\/en\/wp-json\/wp\/v2\/types\/post"}],"author":[{"embeddable":true,"href":"https:\/\/kamza.gov.al\/en\/wp-json\/wp\/v2\/users\/26"}],"replies":[{"embeddable":true,"href":"https:\/\/kamza.gov.al\/en\/wp-json\/wp\/v2\/comments?post=28275"}],"version-history":[{"count":1,"href":"https:\/\/kamza.gov.al\/en\/wp-json\/wp\/v2\/posts\/28275\/revisions"}],"predecessor-version":[{"id":28277,"href":"https:\/\/kamza.gov.al\/en\/wp-json\/wp\/v2\/posts\/28275\/revisions\/28277"}],"wp:featuredmedia":[{"embeddable":true,"href":"https:\/\/kamza.gov.al\/en\/wp-json\/wp\/v2\/media\/28276"}],"wp:attachment":[{"href":"https:\/\/kamza.gov.al\/en\/wp-json\/wp\/v2\/media?parent=28275"}],"wp:term":[{"taxonomy":"category","embeddable":true,"href":"https:\/\/kamza.gov.al\/en\/wp-json\/wp\/v2\/categories?post=28275"},{"taxonomy":"post_tag","embeddable":true,"href":"https:\/\/kamza.gov.al\/en\/wp-json\/wp\/v2\/tags?post=28275"}],"curies":[{"name":"wp","href":"https:\/\/api.w.org\/{rel}","templated":true}]}}