{"id":27286,"date":"2026-04-29T14:54:36","date_gmt":"2026-04-29T12:54:36","guid":{"rendered":"https:\/\/kamza.gov.al\/?p=27286"},"modified":"2026-04-29T14:54:36","modified_gmt":"2026-04-29T12:54:36","slug":"kryebashkiaku-z-rakip-suli-se-bashku-me-prefektin-e-qarkut-tirane-z-shkelqim-hajdari-vizite-ne-shkollen-e-mesme-profesionale-kamez","status":"publish","type":"post","link":"https:\/\/kamza.gov.al\/en\/kryebashkiaku-z-rakip-suli-se-bashku-me-prefektin-e-qarkut-tirane-z-shkelqim-hajdari-vizite-ne-shkollen-e-mesme-profesionale-kamez\/","title":{"rendered":"Kryebashkiaku Z.Rakip Suli, s\u00eb bashku me Prefektin e Qarkut Tiran\u00eb Z.Shk\u00eblqim Hajdari, vizit\u00eb n\u00eb Shkoll\u00ebn e Mesme Profesionale Kam\u00ebz"},"content":{"rendered":"<p>Sot vizituam Shkoll\u00ebn e Mesme Profesionale Kam\u00ebz <img decoding=\"async\" height=\"16\" width=\"16\" alt=\"\ud83d\udc68\u200d\ud83c\udf73\" src=\"https:\/\/static.xx.fbcdn.net\/images\/emoji.php\/v9\/t74\/1\/16\/1f468_200d_1f373.png\"><img decoding=\"async\" height=\"16\" width=\"16\" alt=\"\ud83e\uddd1\u200d\ud83d\udd27\" src=\"https:\/\/static.xx.fbcdn.net\/images\/emoji.php\/v9\/t8f\/1\/16\/1f9d1_200d_1f527.png\"><img decoding=\"async\" height=\"16\" width=\"16\" alt=\"\ud83e\uddd1\u200d\ud83d\udcbb\" src=\"https:\/\/static.xx.fbcdn.net\/images\/emoji.php\/v9\/tc9\/1\/16\/1f9d1_200d_1f4bb.png\">, s\u00eb bashku me Prefektin e Qarkut Tiran\u00eb ,Z.Shk\u00eblqim Hajdari, ku pam\u00eb nga af\u00ebr zhvillimin e arsimit dual. <img loading=\"lazy\" decoding=\"async\" height=\"16\" width=\"16\" alt=\"\ud83d\udcca\" src=\"https:\/\/static.xx.fbcdn.net\/images\/emoji.php\/v9\/taa\/1\/16\/1f4ca.png\"><\/p>\n\n\n\n<p>Diskutuam mbi praktikat profesionale dhe bashk\u00ebpunimin me bizneset lokale, si dhe vizituam ser\u00ebn e luleve<img loading=\"lazy\" decoding=\"async\" height=\"16\" width=\"16\" alt=\"\ud83c\udf31\" src=\"https:\/\/static.xx.fbcdn.net\/images\/emoji.php\/v9\/t69\/1\/16\/1f331.png\">.<\/p>\n\n\n\n<p><a href=\"https:\/\/www.facebook.com\/hashtag\/bashkiaq%C3%ABduam?__eep__=6&amp;__cft__[0]=AZbnCXhkbH8fQJ71DJHhkZycJ48ngobe7aHicAZA_FgFTxwSZfk_6QmI_IxVuligZYRLQ3XsLSIAtVt3Nf7zprWoMfAJOVy6ohOV4uaMnougEyCmwEB2xRxYe3CYYwL0_AGqYGQDdSfjn81oyTrezNBe&amp;__tn__=*NK-R\" target=\"_blank\" rel=\"noopener\">#BashkiaQ\u00ebDuam<\/a><img loading=\"lazy\" decoding=\"async\" height=\"16\" width=\"16\" alt=\"\ud83d\udc4f\" src=\"https:\/\/static.xx.fbcdn.net\/images\/emoji.php\/v9\/tfe\/1\/16\/1f44f.png\"><\/p>\n\n\n\n<p><a href=\"https:\/\/www.facebook.com\/hashtag\/kamzavet%C3%ABmp%C3%ABrpara?__eep__=6&amp;__cft__[0]=AZbnCXhkbH8fQJ71DJHhkZycJ48ngobe7aHicAZA_FgFTxwSZfk_6QmI_IxVuligZYRLQ3XsLSIAtVt3Nf7zprWoMfAJOVy6ohOV4uaMnougEyCmwEB2xRxYe3CYYwL0_AGqYGQDdSfjn81oyTrezNBe&amp;__tn__=*NK-R\" target=\"_blank\" rel=\"noopener\">#KamzaVet\u00ebmP\u00ebrpara<\/a><img loading=\"lazy\" decoding=\"async\" height=\"16\" width=\"16\" alt=\"\u25b6\ufe0f\" src=\"https:\/\/static.xx.fbcdn.net\/images\/emoji.php\/v9\/t40\/1\/16\/25b6.png\"><\/p>\n\n\n\n<p><a href=\"https:\/\/www.facebook.com\/hashtag\/arsimiprofesionaldual?__eep__=6&amp;__cft__[0]=AZbnCXhkbH8fQJ71DJHhkZycJ48ngobe7aHicAZA_FgFTxwSZfk_6QmI_IxVuligZYRLQ3XsLSIAtVt3Nf7zprWoMfAJOVy6ohOV4uaMnougEyCmwEB2xRxYe3CYYwL0_AGqYGQDdSfjn81oyTrezNBe&amp;__tn__=*NK-R\" target=\"_blank\" rel=\"noopener\">#ArsimiProfesionalDual<\/a><img loading=\"lazy\" decoding=\"async\" height=\"16\" width=\"16\" alt=\"\ud83e\uddd1\u200d\ud83c\udf73\" src=\"https:\/\/static.xx.fbcdn.net\/images\/emoji.php\/v9\/t24\/1\/16\/1f9d1_200d_1f373.png\"><\/p>\n\n\n\n<iframe src=\"https:\/\/www.facebook.com\/plugins\/post.php?href=https%3A%2F%2Fwww.facebook.com%2Fpermalink.php%3Fstory_fbid%3Dpfbid0gRk9B3KcvLPXPo2euqLwuB9nd9MCZXC8FuP5rqmgfkVZbMcRfeJNkGjkkVxJKrX1l%26id%3D100044332874482&#038;show_text=true&#038;width=500\" width=\"500\" height=\"250\" style=\"border:none;overflow:hidden\" scrolling=\"no\" frameborder=\"0\" allowfullscreen=\"true\" allow=\"autoplay; clipboard-write; encrypted-media; picture-in-picture; web-share\"><\/iframe>","protected":false},"excerpt":{"rendered":"<p>Sot vizituam Shkoll\u00ebn e Mesme Profesionale Kam\u00ebz , s\u00eb bashku me Prefektin e Qarkut Tiran\u00eb ,Z.Shk\u00eblqim Hajdari, ku pam\u00eb nga af\u00ebr zhvillimin e arsimit dual. Diskutuam mbi praktikat profesionale dhe bashk\u00ebpunimin me bizneset lokale, si dhe vizituam ser\u00ebn e luleve. #BashkiaQ\u00ebDuam #KamzaVet\u00ebmP\u00ebrpara #ArsimiProfesionalDual<\/p>","protected":false},"author":26,"featured_media":27287,"comment_status":"closed","ping_status":"","sticky":false,"template":"","format":"standard","meta":{"_acf_changed":false,"footnotes":""},"categories":[13,16],"tags":[],"class_list":["post-27286","post","type-post","status-publish","format-standard","has-post-thumbnail","hentry","category-arkiva-e-lajmeve","category-kryesore"],"acf":[],"_links":{"self":[{"href":"https:\/\/kamza.gov.al\/en\/wp-json\/wp\/v2\/posts\/27286","targetHints":{"allow":["GET"]}}],"collection":[{"href":"https:\/\/kamza.gov.al\/en\/wp-json\/wp\/v2\/posts"}],"about":[{"href":"https:\/\/kamza.gov.al\/en\/wp-json\/wp\/v2\/types\/post"}],"author":[{"embeddable":true,"href":"https:\/\/kamza.gov.al\/en\/wp-json\/wp\/v2\/users\/26"}],"replies":[{"embeddable":true,"href":"https:\/\/kamza.gov.al\/en\/wp-json\/wp\/v2\/comments?post=27286"}],"version-history":[{"count":1,"href":"https:\/\/kamza.gov.al\/en\/wp-json\/wp\/v2\/posts\/27286\/revisions"}],"predecessor-version":[{"id":27288,"href":"https:\/\/kamza.gov.al\/en\/wp-json\/wp\/v2\/posts\/27286\/revisions\/27288"}],"wp:featuredmedia":[{"embeddable":true,"href":"https:\/\/kamza.gov.al\/en\/wp-json\/wp\/v2\/media\/27287"}],"wp:attachment":[{"href":"https:\/\/kamza.gov.al\/en\/wp-json\/wp\/v2\/media?parent=27286"}],"wp:term":[{"taxonomy":"category","embeddable":true,"href":"https:\/\/kamza.gov.al\/en\/wp-json\/wp\/v2\/categories?post=27286"},{"taxonomy":"post_tag","embeddable":true,"href":"https:\/\/kamza.gov.al\/en\/wp-json\/wp\/v2\/tags?post=27286"}],"curies":[{"name":"wp","href":"https:\/\/api.w.org\/{rel}","templated":true}]}}